{"id":4798,"date":"2020-09-23T09:55:52","date_gmt":"2020-09-23T12:55:52","guid":{"rendered":"https:\/\/guillermopareja.com\/?p=4798"},"modified":"2020-09-23T09:55:53","modified_gmt":"2020-09-23T12:55:53","slug":"facebook-messenger-anade-una-nueva-casilla-de-mensajes-para-empresas","status":"publish","type":"post","link":"https:\/\/guillermopareja.com\/fr\/publicites-facebook\/facebook-messenger-ajoute-une-nouvelle-boite-de-message-pour-les-entreprises\/","title":{"rendered":"Facebook Messenger ajoute une nouvelle bo\u00eete de message pour les entreprises"},"content":{"rendered":"<figure class=\"wp-block-image\"><img loading=\"lazy\" decoding=\"async\" width=\"1024\" height=\"512\" src=\"https:\/\/guillermopareja.com\/wp-content\/uploads\/2020\/06\/1-3-1024x512.png\" alt=\"\" class=\"wp-image-4799\" srcset=\"https:\/\/guillermopareja.com\/wp-content\/uploads\/2020\/06\/1-3-1024x512.png 1024w, https:\/\/guillermopareja.com\/wp-content\/uploads\/2020\/06\/1-3-300x150.png 300w, https:\/\/guillermopareja.com\/wp-content\/uploads\/2020\/06\/1-3-768x384.png 768w, https:\/\/guillermopareja.com\/wp-content\/uploads\/2020\/06\/1-3-1116x558.png 1116w, https:\/\/guillermopareja.com\/wp-content\/uploads\/2020\/06\/1-3-806x403.png 806w, https:\/\/guillermopareja.com\/wp-content\/uploads\/2020\/06\/1-3-558x279.png 558w, https:\/\/guillermopareja.com\/wp-content\/uploads\/2020\/06\/1-3-655x328.png 655w, https:\/\/guillermopareja.com\/wp-content\/uploads\/2020\/06\/1-3.png 1320w\" sizes=\"(max-width: 1024px) 100vw, 1024px\" \/><\/figure>\n\n\n\n<p>La plateforme de messagerie Facebook dispose d\u00e9sormais d&#039;une nouvelle bo\u00eete de r\u00e9ception professionnelle, qui permet \u00e0 l&#039;administrateur de basculer entre son compte personnel et celui de son entreprise, pour r\u00e9pondre facilement aux messages de ses clients.<\/p>\n\n\n\n<p>Ce changement est n\u00e9 du fait que l&#039;entreprise a d\u00e9termin\u00e9 que plus de <a href=\"https:\/\/messengernews.fb.com\/2020\/06\/09\/introducing-business-inbox-in-messenger\/\">90%<\/a> des chefs d&#039;entreprise de la plate-forme utilisent d\u00e9j\u00e0 Messenger pour communiquer avec leurs amis et leur famille. Cependant, bon nombre de ces utilisateurs ne souhaitent pas avoir \u00e0 t\u00e9l\u00e9charger et \u00e0 g\u00e9rer de nombreuses applications. <\/p>\n\n\n\n<p>En outre, \u00e0 partir du r\u00e9seau social, ils ont \u00e9galement ratifi\u00e9 une donn\u00e9e, qui indique que le <a href=\"https:\/\/blog.hubspot.com\/service\/customer-service-stats\">90%<\/a> des clients consid\u00e8rent que les r\u00e9ponses imm\u00e9diates des entreprises sont tr\u00e8s importantes, en particulier lorsqu&#039;ils ont des questions sur les heures d&#039;ouverture, la disponibilit\u00e9 des produits et les options de livraison et d&#039;enl\u00e8vement. <\/p>\n\n\n\n<p>De m\u00eame, de la part de l&#039;entreprise, ils ont d\u00e9crit que la nouvelle bo\u00eete de r\u00e9ception commerciale Messenger permettra aux entreprises de r\u00e9pondre rapidement et facilement. <\/p>\n\n\n\n<p>De m\u00eame, les utilisateurs peuvent choisir de recevoir des notifications dans cette application, pour se rappeler qu&#039;ils doivent communiquer avec leurs clients en temps opportun.<\/p>\n\n\n\n<p>De m\u00eame, la bo\u00eete de r\u00e9ception commerciale compl\u00e8te l&#039;application Page Manager, o\u00f9, en plus des messages, les entreprises peuvent g\u00e9rer leurs publications Facebook, cr\u00e9er des publicit\u00e9s et afficher les informations de leur profil.<\/p>\n\n\n\n<p>Ce lancement est tr\u00e8s important pour de nombreuses petites et moyennes entreprises qui ont vu une augmentation des messages de leurs clients et ont besoin de g\u00e9rer leurs r\u00e9ponses de n&#039;importe o\u00f9.&nbsp; <\/p>\n\n\n\n<p>C&#039;est le cas de Matt Volpert de la soci\u00e9t\u00e9 de tourisme d&#039;aventure Kern River Outfitters, qui a affirm\u00e9 avoir eu une augmentation de 250% des messages des clients qui ont besoin de planifier leurs voyages en raison de Covid-19, ce qui a d\u00e9pass\u00e9 sa capacit\u00e9 \u00e0 r\u00e9pondre. C&#039;est ainsi que la bo\u00eete de r\u00e9ception commerciale est devenue un outil qui permet \u00e0 son propri\u00e9taire de servir ses clients qu&#039;il soit ou non au bureau.<\/p>\n\n\n\n<p>Je recommande que si vous avez une entreprise et un site Web li\u00e9 \u00e0 Messenger, vous utilisiez ce nouvel outil afin d&#039;optimiser votre temps d&#039;attention et de ne laisser partir aucun client.<\/p>","protected":false},"excerpt":{"rendered":"<p>La plataforma de mensajes de Facebook ahora tiene una nueva bandeja de entrada comercial, que le permite al administrador alternar entre su cuenta personal y la de su empresa, para responder f\u00e1cilmente los mensajes de sus clientes. Este cambio se origin\u00f3 ya que la empresa determin\u00f3 que m\u00e1s del 90% de los administradores de negocios&hellip;<\/p>","protected":false},"author":1,"featured_media":4799,"comment_status":"open","ping_status":"open","sticky":false,"template":"","format":"standard","meta":{"footnotes":""},"categories":[86],"tags":[],"class_list":["post-4798","post","type-post","status-publish","format-standard","has-post-thumbnail","hentry","category-facebook-ads"],"aioseo_notices":[],"yoast_head":"<!-- This site is optimized with the Yoast SEO plugin v23.2 - https:\/\/yoast.com\/wordpress\/plugins\/seo\/ -->\n<title>Facebook Messenger a\u00f1ade una nueva casilla de mensajes para empresas - Marketing y Anal\u00edtica Digital<\/title>\n<meta name=\"robots\" content=\"index, follow, max-snippet:-1, max-image-preview:large, max-video-preview:-1\" \/>\n<link rel=\"canonical\" href=\"https:\/\/guillermopareja.com\/fr\/facebook-anzeigen\/facebook-messenger-fugt-eine-neue-nachrichtenbox-fur-unternehmen-hinzu\/\" \/>\n<meta property=\"og:locale\" content=\"fr_FR\" \/>\n<meta property=\"og:type\" content=\"article\" \/>\n<meta property=\"og:title\" content=\"Facebook Messenger a\u00f1ade una nueva casilla de mensajes para empresas - Marketing y Anal\u00edtica Digital\" \/>\n<meta property=\"og:description\" content=\"La plataforma de mensajes de Facebook ahora tiene una nueva bandeja de entrada comercial, que le permite al administrador alternar entre su cuenta personal y la de su empresa, para responder f\u00e1cilmente los mensajes de sus clientes. Este cambio se origin\u00f3 ya que la empresa determin\u00f3 que m\u00e1s del 90% de los administradores de negocios&hellip;\" \/>\n<meta property=\"og:url\" content=\"https:\/\/guillermopareja.com\/fr\/facebook-anzeigen\/facebook-messenger-fugt-eine-neue-nachrichtenbox-fur-unternehmen-hinzu\/\" \/>\n<meta property=\"og:site_name\" content=\"Marketing y Anal\u00edtica Digital\" \/>\n<meta property=\"article:publisher\" content=\"https:\/\/www.facebook.com\/consultorgoogleadwords\/\" \/>\n<meta property=\"article:published_time\" content=\"2020-09-23T12:55:52+00:00\" \/>\n<meta property=\"article:modified_time\" content=\"2020-09-23T12:55:53+00:00\" \/>\n<meta property=\"og:image\" content=\"https:\/\/guillermopareja.com\/wp-content\/uploads\/2020\/06\/1-3.png\" \/>\n\t<meta property=\"og:image:width\" content=\"1320\" \/>\n\t<meta property=\"og:image:height\" content=\"660\" \/>\n\t<meta property=\"og:image:type\" content=\"image\/png\" \/>\n<meta name=\"author\" content=\"Guillermo Pareja\" \/>\n<meta name=\"twitter:card\" content=\"summary_large_image\" \/>\n<meta name=\"twitter:creator\" content=\"@guillepareja\" \/>\n<meta name=\"twitter:site\" content=\"@guillepareja\" \/>\n<meta name=\"twitter:label1\" content=\"\u00c9crit par\" \/>\n\t<meta name=\"twitter:data1\" content=\"Guillermo Pareja\" \/>\n\t<meta name=\"twitter:label2\" content=\"Dur\u00e9e de lecture estim\u00e9e\" \/>\n\t<meta name=\"twitter:data2\" content=\"2 minutes\" \/>\n<script type=\"application\/ld+json\" class=\"yoast-schema-graph\">{\"@context\":\"https:\/\/schema.org\",\"@graph\":[{\"@type\":\"WebPage\",\"@id\":\"https:\/\/guillermopareja.com\/de\/facebook-anzeigen\/facebook-messenger-fugt-eine-neue-nachrichtenbox-fur-unternehmen-hinzu\/\",\"url\":\"https:\/\/guillermopareja.com\/de\/facebook-anzeigen\/facebook-messenger-fugt-eine-neue-nachrichtenbox-fur-unternehmen-hinzu\/\",\"name\":\"Facebook Messenger a\u00f1ade una nueva casilla de mensajes para empresas - Marketing y Anal\u00edtica Digital\",\"isPartOf\":{\"@id\":\"https:\/\/guillermopareja.com\/de\/#website\"},\"primaryImageOfPage\":{\"@id\":\"https:\/\/guillermopareja.com\/de\/facebook-anzeigen\/facebook-messenger-fugt-eine-neue-nachrichtenbox-fur-unternehmen-hinzu\/#primaryimage\"},\"image\":{\"@id\":\"https:\/\/guillermopareja.com\/de\/facebook-anzeigen\/facebook-messenger-fugt-eine-neue-nachrichtenbox-fur-unternehmen-hinzu\/#primaryimage\"},\"thumbnailUrl\":\"https:\/\/guillermopareja.com\/wp-content\/uploads\/2020\/06\/1-3.png\",\"datePublished\":\"2020-09-23T12:55:52+00:00\",\"dateModified\":\"2020-09-23T12:55:53+00:00\",\"author\":{\"@id\":\"https:\/\/guillermopareja.com\/de\/#\/schema\/person\/3a5d999cd86f355d4bc64ae36f295d88\"},\"breadcrumb\":{\"@id\":\"https:\/\/guillermopareja.com\/de\/facebook-anzeigen\/facebook-messenger-fugt-eine-neue-nachrichtenbox-fur-unternehmen-hinzu\/#breadcrumb\"},\"inLanguage\":\"fr-FR\",\"potentialAction\":[{\"@type\":\"ReadAction\",\"target\":[\"https:\/\/guillermopareja.com\/de\/facebook-anzeigen\/facebook-messenger-fugt-eine-neue-nachrichtenbox-fur-unternehmen-hinzu\/\"]}]},{\"@type\":\"ImageObject\",\"inLanguage\":\"fr-FR\",\"@id\":\"https:\/\/guillermopareja.com\/de\/facebook-anzeigen\/facebook-messenger-fugt-eine-neue-nachrichtenbox-fur-unternehmen-hinzu\/#primaryimage\",\"url\":\"https:\/\/guillermopareja.com\/wp-content\/uploads\/2020\/06\/1-3.png\",\"contentUrl\":\"https:\/\/guillermopareja.com\/wp-content\/uploads\/2020\/06\/1-3.png\",\"width\":1320,\"height\":660},{\"@type\":\"BreadcrumbList\",\"@id\":\"https:\/\/guillermopareja.com\/de\/facebook-anzeigen\/facebook-messenger-fugt-eine-neue-nachrichtenbox-fur-unternehmen-hinzu\/#breadcrumb\",\"itemListElement\":[{\"@type\":\"ListItem\",\"position\":1,\"name\":\"Home\",\"item\":\"https:\/\/guillermopareja.com\/de\/\"},{\"@type\":\"ListItem\",\"position\":2,\"name\":\"Facebook Messenger a\u00f1ade una nueva casilla de mensajes para empresas\"}]},{\"@type\":\"WebSite\",\"@id\":\"https:\/\/guillermopareja.com\/de\/#website\",\"url\":\"https:\/\/guillermopareja.com\/de\/\",\"name\":\"Marketing y Anal\u00edtica Digital\",\"description\":\"Blog de Guillermo Pareja\",\"potentialAction\":[{\"@type\":\"SearchAction\",\"target\":{\"@type\":\"EntryPoint\",\"urlTemplate\":\"https:\/\/guillermopareja.com\/de\/?s={search_term_string}\"},\"query-input\":\"required name=search_term_string\"}],\"inLanguage\":\"fr-FR\"},{\"@type\":\"Person\",\"@id\":\"https:\/\/guillermopareja.com\/de\/#\/schema\/person\/3a5d999cd86f355d4bc64ae36f295d88\",\"name\":\"Guillermo Pareja\",\"image\":{\"@type\":\"ImageObject\",\"inLanguage\":\"fr-FR\",\"@id\":\"https:\/\/guillermopareja.com\/de\/#\/schema\/person\/image\/\",\"url\":\"https:\/\/secure.gravatar.com\/avatar\/581ffbd20dfb508e0083e5e76c2d65ec?s=96&d=mm&r=x\",\"contentUrl\":\"https:\/\/secure.gravatar.com\/avatar\/581ffbd20dfb508e0083e5e76c2d65ec?s=96&d=mm&r=x\",\"caption\":\"Guillermo Pareja\"},\"description\":\"Soy Guillermo Pareja, consultor de Marketing en Motores de B\u00fasqueda. En este blog escribo sobre Google Adwords, Facebook Ads, Google Analytics y todo lo referente a publicitar en internet, ya sean tus propios proyectos, tus clientes o incluso a vos mismo como profesional.\",\"sameAs\":[\"http:\/\/guillermopareja.com\"],\"url\":\"https:\/\/guillermopareja.com\/fr\/author\/admin\/\"}]}<\/script>\n<!-- \/ Yoast SEO plugin. -->","yoast_head_json":{"title":"Facebook Messenger a\u00f1ade una nueva casilla de mensajes para empresas - Marketing y Anal\u00edtica Digital","robots":{"index":"index","follow":"follow","max-snippet":"max-snippet:-1","max-image-preview":"max-image-preview:large","max-video-preview":"max-video-preview:-1"},"canonical":"https:\/\/guillermopareja.com\/fr\/facebook-anzeigen\/facebook-messenger-fugt-eine-neue-nachrichtenbox-fur-unternehmen-hinzu\/","og_locale":"fr_FR","og_type":"article","og_title":"Facebook Messenger a\u00f1ade una nueva casilla de mensajes para empresas - Marketing y Anal\u00edtica Digital","og_description":"La plataforma de mensajes de Facebook ahora tiene una nueva bandeja de entrada comercial, que le permite al administrador alternar entre su cuenta personal y la de su empresa, para responder f\u00e1cilmente los mensajes de sus clientes. Este cambio se origin\u00f3 ya que la empresa determin\u00f3 que m\u00e1s del 90% de los administradores de negocios&hellip;","og_url":"https:\/\/guillermopareja.com\/fr\/facebook-anzeigen\/facebook-messenger-fugt-eine-neue-nachrichtenbox-fur-unternehmen-hinzu\/","og_site_name":"Marketing y Anal\u00edtica Digital","article_publisher":"https:\/\/www.facebook.com\/consultorgoogleadwords\/","article_published_time":"2020-09-23T12:55:52+00:00","article_modified_time":"2020-09-23T12:55:53+00:00","og_image":[{"width":1320,"height":660,"url":"https:\/\/guillermopareja.com\/wp-content\/uploads\/2020\/06\/1-3.png","type":"image\/png"}],"author":"Guillermo Pareja","twitter_card":"summary_large_image","twitter_creator":"@guillepareja","twitter_site":"@guillepareja","twitter_misc":{"\u00c9crit par":"Guillermo Pareja","Dur\u00e9e de lecture estim\u00e9e":"2 minutes"},"schema":{"@context":"https:\/\/schema.org","@graph":[{"@type":"WebPage","@id":"https:\/\/guillermopareja.com\/de\/facebook-anzeigen\/facebook-messenger-fugt-eine-neue-nachrichtenbox-fur-unternehmen-hinzu\/","url":"https:\/\/guillermopareja.com\/de\/facebook-anzeigen\/facebook-messenger-fugt-eine-neue-nachrichtenbox-fur-unternehmen-hinzu\/","name":"Facebook Messenger a\u00f1ade una nueva casilla de mensajes para empresas - Marketing y Anal\u00edtica Digital","isPartOf":{"@id":"https:\/\/guillermopareja.com\/de\/#website"},"primaryImageOfPage":{"@id":"https:\/\/guillermopareja.com\/de\/facebook-anzeigen\/facebook-messenger-fugt-eine-neue-nachrichtenbox-fur-unternehmen-hinzu\/#primaryimage"},"image":{"@id":"https:\/\/guillermopareja.com\/de\/facebook-anzeigen\/facebook-messenger-fugt-eine-neue-nachrichtenbox-fur-unternehmen-hinzu\/#primaryimage"},"thumbnailUrl":"https:\/\/guillermopareja.com\/wp-content\/uploads\/2020\/06\/1-3.png","datePublished":"2020-09-23T12:55:52+00:00","dateModified":"2020-09-23T12:55:53+00:00","author":{"@id":"https:\/\/guillermopareja.com\/de\/#\/schema\/person\/3a5d999cd86f355d4bc64ae36f295d88"},"breadcrumb":{"@id":"https:\/\/guillermopareja.com\/de\/facebook-anzeigen\/facebook-messenger-fugt-eine-neue-nachrichtenbox-fur-unternehmen-hinzu\/#breadcrumb"},"inLanguage":"fr-FR","potentialAction":[{"@type":"ReadAction","target":["https:\/\/guillermopareja.com\/de\/facebook-anzeigen\/facebook-messenger-fugt-eine-neue-nachrichtenbox-fur-unternehmen-hinzu\/"]}]},{"@type":"ImageObject","inLanguage":"fr-FR","@id":"https:\/\/guillermopareja.com\/de\/facebook-anzeigen\/facebook-messenger-fugt-eine-neue-nachrichtenbox-fur-unternehmen-hinzu\/#primaryimage","url":"https:\/\/guillermopareja.com\/wp-content\/uploads\/2020\/06\/1-3.png","contentUrl":"https:\/\/guillermopareja.com\/wp-content\/uploads\/2020\/06\/1-3.png","width":1320,"height":660},{"@type":"BreadcrumbList","@id":"https:\/\/guillermopareja.com\/de\/facebook-anzeigen\/facebook-messenger-fugt-eine-neue-nachrichtenbox-fur-unternehmen-hinzu\/#breadcrumb","itemListElement":[{"@type":"ListItem","position":1,"name":"Home","item":"https:\/\/guillermopareja.com\/de\/"},{"@type":"ListItem","position":2,"name":"Facebook Messenger a\u00f1ade una nueva casilla de mensajes para empresas"}]},{"@type":"WebSite","@id":"https:\/\/guillermopareja.com\/de\/#website","url":"https:\/\/guillermopareja.com\/de\/","name":"Marketing y Anal\u00edtica Digital","description":"Blog de Guillermo Pareja","potentialAction":[{"@type":"SearchAction","target":{"@type":"EntryPoint","urlTemplate":"https:\/\/guillermopareja.com\/de\/?s={search_term_string}"},"query-input":"required name=search_term_string"}],"inLanguage":"fr-FR"},{"@type":"Person","@id":"https:\/\/guillermopareja.com\/de\/#\/schema\/person\/3a5d999cd86f355d4bc64ae36f295d88","name":"Guillermo Pareja","image":{"@type":"ImageObject","inLanguage":"fr-FR","@id":"https:\/\/guillermopareja.com\/de\/#\/schema\/person\/image\/","url":"https:\/\/secure.gravatar.com\/avatar\/581ffbd20dfb508e0083e5e76c2d65ec?s=96&d=mm&r=x","contentUrl":"https:\/\/secure.gravatar.com\/avatar\/581ffbd20dfb508e0083e5e76c2d65ec?s=96&d=mm&r=x","caption":"Guillermo Pareja"},"description":"Soy Guillermo Pareja, consultor de Marketing en Motores de B\u00fasqueda. En este blog escribo sobre Google Adwords, Facebook Ads, Google Analytics y todo lo referente a publicitar en internet, ya sean tus propios proyectos, tus clientes o incluso a vos mismo como profesional.","sameAs":["http:\/\/guillermopareja.com"],"url":"https:\/\/guillermopareja.com\/fr\/author\/admin\/"}]}},"amp_enabled":true,"_links":{"self":[{"href":"https:\/\/guillermopareja.com\/fr\/wp-json\/wp\/v2\/posts\/4798"}],"collection":[{"href":"https:\/\/guillermopareja.com\/fr\/wp-json\/wp\/v2\/posts"}],"about":[{"href":"https:\/\/guillermopareja.com\/fr\/wp-json\/wp\/v2\/types\/post"}],"author":[{"embeddable":true,"href":"https:\/\/guillermopareja.com\/fr\/wp-json\/wp\/v2\/users\/1"}],"replies":[{"embeddable":true,"href":"https:\/\/guillermopareja.com\/fr\/wp-json\/wp\/v2\/comments?post=4798"}],"version-history":[{"count":0,"href":"https:\/\/guillermopareja.com\/fr\/wp-json\/wp\/v2\/posts\/4798\/revisions"}],"wp:featuredmedia":[{"embeddable":true,"href":"https:\/\/guillermopareja.com\/fr\/wp-json\/wp\/v2\/media\/4799"}],"wp:attachment":[{"href":"https:\/\/guillermopareja.com\/fr\/wp-json\/wp\/v2\/media?parent=4798"}],"wp:term":[{"taxonomy":"category","embeddable":true,"href":"https:\/\/guillermopareja.com\/fr\/wp-json\/wp\/v2\/categories?post=4798"},{"taxonomy":"post_tag","embeddable":true,"href":"https:\/\/guillermopareja.com\/fr\/wp-json\/wp\/v2\/tags?post=4798"}],"curies":[{"name":"wp","href":"https:\/\/api.w.org\/{rel}","templated":true}]}}