{"id":5010,"date":"2021-01-15T14:51:33","date_gmt":"2021-01-15T17:51:33","guid":{"rendered":"https:\/\/guillermopareja.com\/?p=5010"},"modified":"2021-01-15T14:51:35","modified_gmt":"2021-01-15T17:51:35","slug":"tamano-correcto-imagenes-facebook-twitter-linkedin-instagram","status":"publish","type":"post","link":"https:\/\/guillermopareja.com\/pt\/marketing-digital\/right-size-images-facebook-twitter-linkedin-instagram\/","title":{"rendered":"Redimensione suas imagens do Facebook, Twitter, LinkedIn e Instagram corretamente"},"content":{"rendered":"<p>Criar conte\u00fado de qualidade \u00e9 essencial para que seu p\u00fablico conhe\u00e7a sua marca e consuma sua oferta. Por isso, aproveitar as potencialidades de cada plataforma implica criar diretamente pe\u00e7as nos tamanhos e formatos correspondentes.<\/p>\n\n\n\n<p>\u00c9 por isso que trago este guia para publicar suas imagens nas plataformas mais populares e assim evitar que suas mensagens n\u00e3o cumpram o prop\u00f3sito para o qual voc\u00ea as criou.<\/p>\n\n\n\n<p><strong>Tamanhos em imagens do Facebook<\/strong><\/p>\n\n\n\n<p>Quando voc\u00ea cola um URL em uma postagem do Facebook, a plataforma cria imediatamente uma visualiza\u00e7\u00e3o desse link. Esse tipo de postagem geralmente se parece com o seguinte:<\/p>\n\n\n\n<figure class=\"wp-block-image size-large\"><img loading=\"lazy\" decoding=\"async\" width=\"487\" height=\"466\" src=\"https:\/\/guillermopareja.com\/wp-content\/uploads\/2020\/11\/1-21.png\" alt=\"\" class=\"wp-image-5012\" srcset=\"https:\/\/guillermopareja.com\/wp-content\/uploads\/2020\/11\/1-21.png 487w, https:\/\/guillermopareja.com\/wp-content\/uploads\/2020\/11\/1-21-300x287.png 300w\" sizes=\"(max-width: 487px) 100vw, 487px\" \/><figcaption><a href=\"http:\/\/ow.ly\/4cIA50ChDLG\">http:\/\/ow.ly\/4cIA50ChDLG<\/a><\/figcaption><\/figure>\n\n\n\n<p>Para que o Facebook possa gerar este tipo de visualiza\u00e7\u00e3o a partir de um link, a imagem deve ter pelo menos 1200 x 630 pixels, para melhores resultados.<\/p>\n\n\n\n<p>Tecnicamente, a imagem pode ter no m\u00ednimo 600 x 315 pixels e gerar\u00e1 uma visualiza\u00e7\u00e3o autom\u00e1tica. Por\u00e9m <a href=\"https:\/\/developers.facebook.com\/docs\/sharing\/best-practices\/\">Facebook recomenda voc\u00ea<\/a> aproveite o maior n\u00famero de pixels para dar mais vida \u00e0s suas imagens.<\/p>\n\n\n\n<p>Se sua imagem tiver menos de 600 x 315 pixels, a plataforma gerar\u00e1 uma imagem de capa como esta:<\/p>\n\n\n\n<figure class=\"wp-block-image size-large\"><img loading=\"lazy\" decoding=\"async\" width=\"768\" height=\"388\" src=\"https:\/\/guillermopareja.com\/wp-content\/uploads\/2020\/11\/1-22.png\" alt=\"\" class=\"wp-image-5013\" srcset=\"https:\/\/guillermopareja.com\/wp-content\/uploads\/2020\/11\/1-22.png 768w, https:\/\/guillermopareja.com\/wp-content\/uploads\/2020\/11\/1-22-300x152.png 300w, https:\/\/guillermopareja.com\/wp-content\/uploads\/2020\/11\/1-22-558x282.png 558w, https:\/\/guillermopareja.com\/wp-content\/uploads\/2020\/11\/1-22-655x331.png 655w\" sizes=\"(max-width: 768px) 100vw, 768px\" \/><\/figure>\n\n\n\n<p>Qualquer uma das op\u00e7\u00f5es est\u00e1 correta, mas voc\u00ea decide se deseja focar na imagem ou no t\u00edtulo.<\/p>\n\n\n\n<p>No feed do Facebook, as imagens t\u00eam sempre 470 pixels de largura, quer tenham que ser expandidas ou recolhidas.<\/p>\n\n\n\n<figure class=\"wp-block-image size-large\"><img loading=\"lazy\" decoding=\"async\" width=\"1024\" height=\"437\" src=\"https:\/\/guillermopareja.com\/wp-content\/uploads\/2020\/11\/1-23.png\" alt=\"\" class=\"wp-image-5014\" srcset=\"https:\/\/guillermopareja.com\/wp-content\/uploads\/2020\/11\/1-23.png 1024w, https:\/\/guillermopareja.com\/wp-content\/uploads\/2020\/11\/1-23-300x128.png 300w, https:\/\/guillermopareja.com\/wp-content\/uploads\/2020\/11\/1-23-768x328.png 768w, https:\/\/guillermopareja.com\/wp-content\/uploads\/2020\/11\/1-23-806x344.png 806w, https:\/\/guillermopareja.com\/wp-content\/uploads\/2020\/11\/1-23-558x238.png 558w, https:\/\/guillermopareja.com\/wp-content\/uploads\/2020\/11\/1-23-655x280.png 655w, https:\/\/guillermopareja.com\/wp-content\/uploads\/2020\/11\/1-23-820x350.png 820w\" sizes=\"(max-width: 1024px) 100vw, 1024px\" \/><\/figure>\n\n\n\n<p>O tamanho recomendado para fazer com que sua imagem tenha a melhor apar\u00eancia e sem qualquer distor\u00e7\u00e3o \u00e9 1200 x 630. Al\u00e9m disso, a altura m\u00e1xima de uma imagem do Facebook \u00e9 1800 pixels e a plataforma cortar\u00e1 ou ajustar\u00e1 o tamanho automaticamente se exceder essas dimens\u00f5es.<\/p>\n\n\n\n<p>A seguir est\u00e3o outras etapas importantes a serem consideradas ao criar seu conte\u00fado:<\/p>\n\n\n\n<p>Perfil: 180 x 180<\/p>\n\n\n\n<p>Capa: 820 x 312<\/p>\n\n\n\n<p>Evento: 1920 x 1080<\/p>\n\n\n\n<p>V\u00eddeo: 1290 x 720<\/p>\n\n\n\n<p>An\u00fancios: 1200 x 628<\/p>\n\n\n\n<p>Cobertura de um grupo: 1640 x 922<\/p>\n\n\n\n<p><strong>Tamanhos de imagem no Twitter<\/strong><\/p>\n\n\n\n<p>A vers\u00e3o de visualiza\u00e7\u00e3o do link nesta plataforma \u00e9 chamada <a href=\"https:\/\/developer.twitter.com\/en\/docs\/twitter-for-websites\/cards\/overview\/abouts-cards\">Twitter Cards<\/a> e vem em v\u00e1rias vers\u00f5es.<\/p>\n\n\n\n<p>Imagem 16: 9 em tamanho real.<\/p>\n\n\n\n<figure class=\"wp-block-image size-large\"><img loading=\"lazy\" decoding=\"async\" width=\"649\" height=\"438\" src=\"https:\/\/guillermopareja.com\/wp-content\/uploads\/2020\/11\/1-24.png\" alt=\"\" class=\"wp-image-5015\" srcset=\"https:\/\/guillermopareja.com\/wp-content\/uploads\/2020\/11\/1-24.png 649w, https:\/\/guillermopareja.com\/wp-content\/uploads\/2020\/11\/1-24-300x202.png 300w, https:\/\/guillermopareja.com\/wp-content\/uploads\/2020\/11\/1-24-558x377.png 558w\" sizes=\"(max-width: 649px) 100vw, 649px\" \/><\/figure>\n\n\n\n<p>Se voc\u00ea quiser que o seu cart\u00e3o do Twitter tenha esta apar\u00eancia, a imagem deve atender \u00e0s seguintes especifica\u00e7\u00f5es.<\/p>\n\n\n\n<ul class=\"wp-block-list\"><li>M\u00ednimo: 300 x 157 pixels.<\/li><li>M\u00e1ximo: 4096 x 4096 pixels.<\/li><li>Peso: menos de 5 MB<\/li><li>Formatos: JPG, PNG, WEBP ou GIF, neste caso apenas a primeira imagem ser\u00e1 exibida.<\/li><li>Propor\u00e7\u00e3o: aproximadamente 2: 1. Se voc\u00ea atender aos outros requisitos do Twitter, a imagem ser\u00e1 cortada imediatamente para a propor\u00e7\u00e3o de 2: 1.<\/li><\/ul>\n\n\n\n<p>O Twitter tamb\u00e9m permite cart\u00f5es menores que s\u00e3o exibidos da seguinte forma:<\/p>\n\n\n\n<figure class=\"wp-block-image size-large\"><img loading=\"lazy\" decoding=\"async\" width=\"649\" height=\"255\" src=\"https:\/\/guillermopareja.com\/wp-content\/uploads\/2020\/11\/1-25.png\" alt=\"\" class=\"wp-image-5016\" srcset=\"https:\/\/guillermopareja.com\/wp-content\/uploads\/2020\/11\/1-25.png 649w, https:\/\/guillermopareja.com\/wp-content\/uploads\/2020\/11\/1-25-300x118.png 300w, https:\/\/guillermopareja.com\/wp-content\/uploads\/2020\/11\/1-25-558x219.png 558w\" sizes=\"(max-width: 649px) 100vw, 649px\" \/><\/figure>\n\n\n\n<p>Para gerar um cart\u00e3o desse tamanho, sua imagem deve ter uma propor\u00e7\u00e3o de 1: 1 e pode ter no m\u00ednimo 144 x 144 pixels.<\/p>\n\n\n\n<p><strong>Publicar imagens<\/strong><\/p>\n\n\n\n<p>As imagens do Twitter s\u00e3o exibidas com um m\u00ednimo de 506 pixels. Se a sua imagem for menor do que isso, ela ser\u00e1 exibida com um espa\u00e7o em branco no lado direito da imagem.<\/p>\n\n\n\n<p>\u00c9 assim que parece na pr\u00e1tica:<\/p>\n\n\n\n<figure class=\"wp-block-image size-large\"><img loading=\"lazy\" decoding=\"async\" width=\"310\" height=\"1024\" src=\"https:\/\/guillermopareja.com\/wp-content\/uploads\/2020\/11\/1-26.png\" alt=\"\" class=\"wp-image-5017\" srcset=\"https:\/\/guillermopareja.com\/wp-content\/uploads\/2020\/11\/1-26.png 310w, https:\/\/guillermopareja.com\/wp-content\/uploads\/2020\/11\/1-26-91x300.png 91w\" sizes=\"(max-width: 310px) 100vw, 310px\" \/><\/figure>\n\n\n\n<p>A propor\u00e7\u00e3o recomendada para imagens do Twitter \u00e9 16: 9. No entanto, existem alguns tamanhos recomendados, dependendo do que voc\u00ea deseja compartilhar.<\/p>\n\n\n\n<p>Imagem de um tweet com um link para compartilhar: 1200 x 628 pixels.<\/p>\n\n\n\n<p>Tweet com uma \u00fanica imagem: 1200 x 675<\/p>\n\n\n\n<p>Tweets com duas imagens: 700 x 800<\/p>\n\n\n\n<p>Imagem da capa: 1.500 x 1.500 pixels<\/p>\n\n\n\n<p>Foto do perfil: 400 x 400 pixels<\/p>\n\n\n\n<p><strong>Tamanhos de imagem no LinkedIn<\/strong><\/p>\n\n\n\n<p>Esta plataforma lida com imagens de forma diferente do Facebook e Twitter. L\u00e1, se voc\u00ea postar um link com uma imagem anexada, ele deve ter uma propor\u00e7\u00e3o de 1,9: 1, com um tamanho estimado de 1200 x 627 pixels. Da mesma forma, voc\u00ea pode utilizar pe\u00e7as com tamanho inferior a 200 pixels e elas ser\u00e3o exibidas como imagem de capa no lado direito da publica\u00e7\u00e3o.<\/p>\n\n\n\n<p>Por\u00e9m, se o que procuro \u00e9 compartilhar uma imagem sem link e ela n\u00e3o tem o tamanho adequado, ela ser\u00e1 ajustada e ser\u00e3o acrescentados espa\u00e7os em branco nas laterais.<\/p>\n\n\n\n<figure class=\"wp-block-image size-large\"><img loading=\"lazy\" decoding=\"async\" width=\"561\" height=\"461\" src=\"https:\/\/guillermopareja.com\/wp-content\/uploads\/2020\/11\/1-27.png\" alt=\"\" class=\"wp-image-5018\" srcset=\"https:\/\/guillermopareja.com\/wp-content\/uploads\/2020\/11\/1-27.png 561w, https:\/\/guillermopareja.com\/wp-content\/uploads\/2020\/11\/1-27-300x247.png 300w, https:\/\/guillermopareja.com\/wp-content\/uploads\/2020\/11\/1-27-558x459.png 558w\" sizes=\"(max-width: 561px) 100vw, 561px\" \/><\/figure>\n\n\n\n<p>Aqui est\u00e3o algumas especifica\u00e7\u00f5es para imagens do LinkedIn:<\/p>\n\n\n\n<p>Logotipo de uma p\u00e1gina comercial: 300 x 300 pixels.<\/p>\n\n\n\n<p>Capa de uma p\u00e1gina comercial: 1192 x 220 pixels.<\/p>\n\n\n\n<p>Imagem da capa para uma p\u00e1gina pessoal: 1584 x 396 pixels.<\/p>\n\n\n\n<p><strong>Tamanhos de imagem no Instagram<\/strong><\/p>\n\n\n\n<p>O formato das imagens do Instagram costumava ser quadrado, mas agora voc\u00ea tem 3 op\u00e7\u00f5es de postagem diferentes.<\/p>\n\n\n\n<p>Afinal, o instagram aceita v\u00eddeos e imagens com largura entre 320 e 1080 pixels. Portanto, se sua imagem tiver menos de 320 pixels, a plataforma ir\u00e1 aument\u00e1-la e se for maior que 1080 pixels, ela ir\u00e1 encurt\u00e1-la para caber na plataforma.<\/p>\n\n\n\n<p>Para come\u00e7ar, o formato quadrado ou propor\u00e7\u00e3o de 1: 1 \u00e9 o tamanho recomendado das imagens de 1080 x 1080 pixels. A plataforma ir\u00e1 compactar suas imagens para caber em dispositivos m\u00f3veis.<\/p>\n\n\n\n<p>Em 2015, o Instagram permitiu o uso de imagens horizontais para destacar fotos de paisagens, com uma propor\u00e7\u00e3o de 1,91: 1. Recomendo que para este formato voc\u00ea trabalhe com um m\u00ednimo de 1080 pixels de altura, ent\u00e3o o tamanho ideal seria 608 x 1080 pixels.<\/p>\n\n\n\n<p>Para imagens em formato vertical, a propor\u00e7\u00e3o ideal \u00e9 4: 5, caso em que sua imagem tenha uma propor\u00e7\u00e3o maior, a plataforma a adaptar\u00e1 a este valor de 4: 5 no m\u00e1ximo. Mantendo a largura de 1080 pixels, a propor\u00e7\u00e3o de altura seria de 1350 pixels.<\/p>\n\n\n\n<p>Para hist\u00f3rias do Instagram, voc\u00ea tem um pouco mais de espa\u00e7o, pois a plataforma permite que voc\u00ea expanda e ajuste a foto depois de carreg\u00e1-la. No entanto, a pr\u00e1tica recomendada \u00e9 ter uma propor\u00e7\u00e3o m\u00ednima de 9:16 e um tamanho de imagem de 1080 x 1920 pixels.<\/p>\n\n\n\n<p>Como nas hist\u00f3rias, IGTV tem a mesma propor\u00e7\u00e3o e tamanho dos v\u00eddeos. No entanto, para pe\u00e7as apresentadas horizontalmente, a propor\u00e7\u00e3o recomendada \u00e9 16: 8 e 1920 x 1080 pixels.<\/p>\n\n\n\n<p><strong>Conclus\u00e3o<\/strong><\/p>\n\n\n\n<p>Alcan\u00e7ar o melhor resultado do seu trabalho nas diferentes plataformas sociais vai depender da capacidade operacional de que voc\u00ea disp\u00f5e para produzir conte\u00fado. Por isso, recomendo que otimize seus recursos e n\u00e3o se esgote adaptando suas pe\u00e7as a cada formato, se isso vai significar dor de cabe\u00e7a. Pelo contr\u00e1rio, recomendo que otimize essa rede social em que possa ter um melhor retorno do seu trabalho e s\u00f3 se tiver os recursos, pense em expandir para outras plataformas.<\/p>\n\n\n\n<p>Da mesma forma, recomendo que se estiver ao seu alcance, seja o mais exigente poss\u00edvel ao dar a propor\u00e7\u00e3o adequada ao seu conte\u00fado, pois voc\u00ea ter\u00e1 uma melhor resposta do seu p\u00fablico.<\/p>","protected":false},"excerpt":{"rendered":"<p>Crear contenido de calidad es fundamental para que tu audiencia conozca tu marca y consuma tu oferta. Por esta raz\u00f3n, aprovechar el potencial de cada plataforma implica directamente crear piezas en los tama\u00f1os y formatos que corresponde. Es por eso que te traigo esta gu\u00eda para publicar tus im\u00e1genes en las plataformas m\u00e1s populares y&hellip;<\/p>","protected":false},"author":1,"featured_media":5020,"comment_status":"open","ping_status":"open","sticky":false,"template":"","format":"standard","meta":{"footnotes":""},"categories":[1],"tags":[],"class_list":["post-5010","post","type-post","status-publish","format-standard","has-post-thumbnail","hentry","category-marketing-digital"],"aioseo_notices":[],"yoast_head":"<!-- This site is optimized with the Yoast SEO plugin v23.2 - https:\/\/yoast.com\/wordpress\/plugins\/seo\/ -->\n<title>Dale el tama\u00f1o correcto a tus im\u00e1genes de Facebook, Twitter, LinkedIn e Instagram - Marketing y Anal\u00edtica Digital<\/title>\n<meta name=\"robots\" content=\"index, follow, max-snippet:-1, max-image-preview:large, max-video-preview:-1\" \/>\n<link rel=\"canonical\" href=\"https:\/\/guillermopareja.com\/pt\/digitales-marketing\/richtige-grose-bilder-facebook-twitter-linkedin-instagram\/\" \/>\n<meta property=\"og:locale\" content=\"pt_BR\" \/>\n<meta property=\"og:type\" content=\"article\" \/>\n<meta property=\"og:title\" content=\"Dale el tama\u00f1o correcto a tus im\u00e1genes de Facebook, Twitter, LinkedIn e Instagram - Marketing y Anal\u00edtica Digital\" \/>\n<meta property=\"og:description\" content=\"Crear contenido de calidad es fundamental para que tu audiencia conozca tu marca y consuma tu oferta. Por esta raz\u00f3n, aprovechar el potencial de cada plataforma implica directamente crear piezas en los tama\u00f1os y formatos que corresponde. Es por eso que te traigo esta gu\u00eda para publicar tus im\u00e1genes en las plataformas m\u00e1s populares y&hellip;\" \/>\n<meta property=\"og:url\" content=\"https:\/\/guillermopareja.com\/pt\/digitales-marketing\/richtige-grose-bilder-facebook-twitter-linkedin-instagram\/\" \/>\n<meta property=\"og:site_name\" content=\"Marketing y Anal\u00edtica Digital\" \/>\n<meta property=\"article:publisher\" content=\"https:\/\/www.facebook.com\/consultorgoogleadwords\/\" \/>\n<meta property=\"article:published_time\" content=\"2021-01-15T17:51:33+00:00\" \/>\n<meta property=\"article:modified_time\" content=\"2021-01-15T17:51:35+00:00\" \/>\n<meta property=\"og:image\" content=\"https:\/\/guillermopareja.com\/wp-content\/uploads\/2020\/11\/1-28.png\" \/>\n\t<meta property=\"og:image:width\" content=\"780\" \/>\n\t<meta property=\"og:image:height\" content=\"460\" \/>\n\t<meta property=\"og:image:type\" content=\"image\/png\" \/>\n<meta name=\"author\" content=\"Guillermo Pareja\" \/>\n<meta name=\"twitter:card\" content=\"summary_large_image\" \/>\n<meta name=\"twitter:creator\" content=\"@guillepareja\" \/>\n<meta name=\"twitter:site\" content=\"@guillepareja\" \/>\n<meta name=\"twitter:label1\" content=\"Escrito por\" \/>\n\t<meta name=\"twitter:data1\" content=\"Guillermo Pareja\" \/>\n\t<meta name=\"twitter:label2\" content=\"Est. tempo de leitura\" \/>\n\t<meta name=\"twitter:data2\" content=\"6 minutos\" \/>\n<script type=\"application\/ld+json\" class=\"yoast-schema-graph\">{\"@context\":\"https:\/\/schema.org\",\"@graph\":[{\"@type\":\"WebPage\",\"@id\":\"https:\/\/guillermopareja.com\/de\/digitales-marketing\/richtige-grose-bilder-facebook-twitter-linkedin-instagram\/\",\"url\":\"https:\/\/guillermopareja.com\/de\/digitales-marketing\/richtige-grose-bilder-facebook-twitter-linkedin-instagram\/\",\"name\":\"Dale el tama\u00f1o correcto a tus im\u00e1genes de Facebook, Twitter, LinkedIn e Instagram - Marketing y Anal\u00edtica Digital\",\"isPartOf\":{\"@id\":\"https:\/\/guillermopareja.com\/de\/#website\"},\"primaryImageOfPage\":{\"@id\":\"https:\/\/guillermopareja.com\/de\/digitales-marketing\/richtige-grose-bilder-facebook-twitter-linkedin-instagram\/#primaryimage\"},\"image\":{\"@id\":\"https:\/\/guillermopareja.com\/de\/digitales-marketing\/richtige-grose-bilder-facebook-twitter-linkedin-instagram\/#primaryimage\"},\"thumbnailUrl\":\"https:\/\/guillermopareja.com\/wp-content\/uploads\/2020\/11\/1-28.png\",\"datePublished\":\"2021-01-15T17:51:33+00:00\",\"dateModified\":\"2021-01-15T17:51:35+00:00\",\"author\":{\"@id\":\"https:\/\/guillermopareja.com\/de\/#\/schema\/person\/3a5d999cd86f355d4bc64ae36f295d88\"},\"breadcrumb\":{\"@id\":\"https:\/\/guillermopareja.com\/de\/digitales-marketing\/richtige-grose-bilder-facebook-twitter-linkedin-instagram\/#breadcrumb\"},\"inLanguage\":\"pt-BR\",\"potentialAction\":[{\"@type\":\"ReadAction\",\"target\":[\"https:\/\/guillermopareja.com\/de\/digitales-marketing\/richtige-grose-bilder-facebook-twitter-linkedin-instagram\/\"]}]},{\"@type\":\"ImageObject\",\"inLanguage\":\"pt-BR\",\"@id\":\"https:\/\/guillermopareja.com\/de\/digitales-marketing\/richtige-grose-bilder-facebook-twitter-linkedin-instagram\/#primaryimage\",\"url\":\"https:\/\/guillermopareja.com\/wp-content\/uploads\/2020\/11\/1-28.png\",\"contentUrl\":\"https:\/\/guillermopareja.com\/wp-content\/uploads\/2020\/11\/1-28.png\",\"width\":780,\"height\":460},{\"@type\":\"BreadcrumbList\",\"@id\":\"https:\/\/guillermopareja.com\/de\/digitales-marketing\/richtige-grose-bilder-facebook-twitter-linkedin-instagram\/#breadcrumb\",\"itemListElement\":[{\"@type\":\"ListItem\",\"position\":1,\"name\":\"Home\",\"item\":\"https:\/\/guillermopareja.com\/de\/\"},{\"@type\":\"ListItem\",\"position\":2,\"name\":\"Dale el tama\u00f1o correcto a tus im\u00e1genes de Facebook, Twitter, LinkedIn e Instagram\"}]},{\"@type\":\"WebSite\",\"@id\":\"https:\/\/guillermopareja.com\/de\/#website\",\"url\":\"https:\/\/guillermopareja.com\/de\/\",\"name\":\"Marketing y Anal\u00edtica Digital\",\"description\":\"Blog de Guillermo Pareja\",\"potentialAction\":[{\"@type\":\"SearchAction\",\"target\":{\"@type\":\"EntryPoint\",\"urlTemplate\":\"https:\/\/guillermopareja.com\/de\/?s={search_term_string}\"},\"query-input\":\"required name=search_term_string\"}],\"inLanguage\":\"pt-BR\"},{\"@type\":\"Person\",\"@id\":\"https:\/\/guillermopareja.com\/de\/#\/schema\/person\/3a5d999cd86f355d4bc64ae36f295d88\",\"name\":\"Guillermo Pareja\",\"image\":{\"@type\":\"ImageObject\",\"inLanguage\":\"pt-BR\",\"@id\":\"https:\/\/guillermopareja.com\/de\/#\/schema\/person\/image\/\",\"url\":\"https:\/\/secure.gravatar.com\/avatar\/581ffbd20dfb508e0083e5e76c2d65ec?s=96&d=mm&r=x\",\"contentUrl\":\"https:\/\/secure.gravatar.com\/avatar\/581ffbd20dfb508e0083e5e76c2d65ec?s=96&d=mm&r=x\",\"caption\":\"Guillermo Pareja\"},\"description\":\"Soy Guillermo Pareja, consultor de Marketing en Motores de B\u00fasqueda. En este blog escribo sobre Google Adwords, Facebook Ads, Google Analytics y todo lo referente a publicitar en internet, ya sean tus propios proyectos, tus clientes o incluso a vos mismo como profesional.\",\"sameAs\":[\"http:\/\/guillermopareja.com\"],\"url\":\"https:\/\/guillermopareja.com\/pt\/author\/admin\/\"}]}<\/script>\n<!-- \/ Yoast SEO plugin. -->","yoast_head_json":{"title":"Dale el tama\u00f1o correcto a tus im\u00e1genes de Facebook, Twitter, LinkedIn e Instagram - Marketing y Anal\u00edtica Digital","robots":{"index":"index","follow":"follow","max-snippet":"max-snippet:-1","max-image-preview":"max-image-preview:large","max-video-preview":"max-video-preview:-1"},"canonical":"https:\/\/guillermopareja.com\/pt\/digitales-marketing\/richtige-grose-bilder-facebook-twitter-linkedin-instagram\/","og_locale":"pt_BR","og_type":"article","og_title":"Dale el tama\u00f1o correcto a tus im\u00e1genes de Facebook, Twitter, LinkedIn e Instagram - Marketing y Anal\u00edtica Digital","og_description":"Crear contenido de calidad es fundamental para que tu audiencia conozca tu marca y consuma tu oferta. Por esta raz\u00f3n, aprovechar el potencial de cada plataforma implica directamente crear piezas en los tama\u00f1os y formatos que corresponde. Es por eso que te traigo esta gu\u00eda para publicar tus im\u00e1genes en las plataformas m\u00e1s populares y&hellip;","og_url":"https:\/\/guillermopareja.com\/pt\/digitales-marketing\/richtige-grose-bilder-facebook-twitter-linkedin-instagram\/","og_site_name":"Marketing y Anal\u00edtica Digital","article_publisher":"https:\/\/www.facebook.com\/consultorgoogleadwords\/","article_published_time":"2021-01-15T17:51:33+00:00","article_modified_time":"2021-01-15T17:51:35+00:00","og_image":[{"width":780,"height":460,"url":"https:\/\/guillermopareja.com\/wp-content\/uploads\/2020\/11\/1-28.png","type":"image\/png"}],"author":"Guillermo Pareja","twitter_card":"summary_large_image","twitter_creator":"@guillepareja","twitter_site":"@guillepareja","twitter_misc":{"Escrito por":"Guillermo Pareja","Est. tempo de leitura":"6 minutos"},"schema":{"@context":"https:\/\/schema.org","@graph":[{"@type":"WebPage","@id":"https:\/\/guillermopareja.com\/de\/digitales-marketing\/richtige-grose-bilder-facebook-twitter-linkedin-instagram\/","url":"https:\/\/guillermopareja.com\/de\/digitales-marketing\/richtige-grose-bilder-facebook-twitter-linkedin-instagram\/","name":"Dale el tama\u00f1o correcto a tus im\u00e1genes de Facebook, Twitter, LinkedIn e Instagram - Marketing y Anal\u00edtica Digital","isPartOf":{"@id":"https:\/\/guillermopareja.com\/de\/#website"},"primaryImageOfPage":{"@id":"https:\/\/guillermopareja.com\/de\/digitales-marketing\/richtige-grose-bilder-facebook-twitter-linkedin-instagram\/#primaryimage"},"image":{"@id":"https:\/\/guillermopareja.com\/de\/digitales-marketing\/richtige-grose-bilder-facebook-twitter-linkedin-instagram\/#primaryimage"},"thumbnailUrl":"https:\/\/guillermopareja.com\/wp-content\/uploads\/2020\/11\/1-28.png","datePublished":"2021-01-15T17:51:33+00:00","dateModified":"2021-01-15T17:51:35+00:00","author":{"@id":"https:\/\/guillermopareja.com\/de\/#\/schema\/person\/3a5d999cd86f355d4bc64ae36f295d88"},"breadcrumb":{"@id":"https:\/\/guillermopareja.com\/de\/digitales-marketing\/richtige-grose-bilder-facebook-twitter-linkedin-instagram\/#breadcrumb"},"inLanguage":"pt-BR","potentialAction":[{"@type":"ReadAction","target":["https:\/\/guillermopareja.com\/de\/digitales-marketing\/richtige-grose-bilder-facebook-twitter-linkedin-instagram\/"]}]},{"@type":"ImageObject","inLanguage":"pt-BR","@id":"https:\/\/guillermopareja.com\/de\/digitales-marketing\/richtige-grose-bilder-facebook-twitter-linkedin-instagram\/#primaryimage","url":"https:\/\/guillermopareja.com\/wp-content\/uploads\/2020\/11\/1-28.png","contentUrl":"https:\/\/guillermopareja.com\/wp-content\/uploads\/2020\/11\/1-28.png","width":780,"height":460},{"@type":"BreadcrumbList","@id":"https:\/\/guillermopareja.com\/de\/digitales-marketing\/richtige-grose-bilder-facebook-twitter-linkedin-instagram\/#breadcrumb","itemListElement":[{"@type":"ListItem","position":1,"name":"Home","item":"https:\/\/guillermopareja.com\/de\/"},{"@type":"ListItem","position":2,"name":"Dale el tama\u00f1o correcto a tus im\u00e1genes de Facebook, Twitter, LinkedIn e Instagram"}]},{"@type":"WebSite","@id":"https:\/\/guillermopareja.com\/de\/#website","url":"https:\/\/guillermopareja.com\/de\/","name":"Marketing y Anal\u00edtica Digital","description":"Blog de Guillermo Pareja","potentialAction":[{"@type":"SearchAction","target":{"@type":"EntryPoint","urlTemplate":"https:\/\/guillermopareja.com\/de\/?s={search_term_string}"},"query-input":"required name=search_term_string"}],"inLanguage":"pt-BR"},{"@type":"Person","@id":"https:\/\/guillermopareja.com\/de\/#\/schema\/person\/3a5d999cd86f355d4bc64ae36f295d88","name":"Guillermo Pareja","image":{"@type":"ImageObject","inLanguage":"pt-BR","@id":"https:\/\/guillermopareja.com\/de\/#\/schema\/person\/image\/","url":"https:\/\/secure.gravatar.com\/avatar\/581ffbd20dfb508e0083e5e76c2d65ec?s=96&d=mm&r=x","contentUrl":"https:\/\/secure.gravatar.com\/avatar\/581ffbd20dfb508e0083e5e76c2d65ec?s=96&d=mm&r=x","caption":"Guillermo Pareja"},"description":"Soy Guillermo Pareja, consultor de Marketing en Motores de B\u00fasqueda. En este blog escribo sobre Google Adwords, Facebook Ads, Google Analytics y todo lo referente a publicitar en internet, ya sean tus propios proyectos, tus clientes o incluso a vos mismo como profesional.","sameAs":["http:\/\/guillermopareja.com"],"url":"https:\/\/guillermopareja.com\/pt\/author\/admin\/"}]}},"amp_enabled":true,"_links":{"self":[{"href":"https:\/\/guillermopareja.com\/pt\/wp-json\/wp\/v2\/posts\/5010"}],"collection":[{"href":"https:\/\/guillermopareja.com\/pt\/wp-json\/wp\/v2\/posts"}],"about":[{"href":"https:\/\/guillermopareja.com\/pt\/wp-json\/wp\/v2\/types\/post"}],"author":[{"embeddable":true,"href":"https:\/\/guillermopareja.com\/pt\/wp-json\/wp\/v2\/users\/1"}],"replies":[{"embeddable":true,"href":"https:\/\/guillermopareja.com\/pt\/wp-json\/wp\/v2\/comments?post=5010"}],"version-history":[{"count":0,"href":"https:\/\/guillermopareja.com\/pt\/wp-json\/wp\/v2\/posts\/5010\/revisions"}],"wp:featuredmedia":[{"embeddable":true,"href":"https:\/\/guillermopareja.com\/pt\/wp-json\/wp\/v2\/media\/5020"}],"wp:attachment":[{"href":"https:\/\/guillermopareja.com\/pt\/wp-json\/wp\/v2\/media?parent=5010"}],"wp:term":[{"taxonomy":"category","embeddable":true,"href":"https:\/\/guillermopareja.com\/pt\/wp-json\/wp\/v2\/categories?post=5010"},{"taxonomy":"post_tag","embeddable":true,"href":"https:\/\/guillermopareja.com\/pt\/wp-json\/wp\/v2\/tags?post=5010"}],"curies":[{"name":"wp","href":"https:\/\/api.w.org\/{rel}","templated":true}]}}